{"id":517,"date":"2017-09-04T12:38:02","date_gmt":"2017-09-04T10:38:02","guid":{"rendered":"http:\/\/www.wissenskulturen.de\/wp_wissenskulturen\/?p=517"},"modified":"2019-05-26T16:56:57","modified_gmt":"2019-05-26T14:56:57","slug":"dorothy-counts","status":"publish","type":"post","link":"https:\/\/www.wissenskulturen.de\/wp_wissenskulturen\/index.php\/2017\/09\/04\/dorothy-counts\/","title":{"rendered":"Ein Blick zur\u00fcck kann ein Blick nach vorne sein: <br> Dorothy Counts vor 60 Jahren"},"content":{"rendered":"<p style=\"text-align: center;\"><em>Ein Beitrag von Dominik van Os, Arn\u00adheim, Niederlande.<\/em><\/p>\n<p style=\"text-align: justify;\">So, wie es da ste\u00adht und wie es sei\u00adther immer mal wieder kol\u00adportiert wird, kann es sich schon mal nicht zuge\u00adtra\u00adgen haben. Es sei ein Foto gewe\u00adsen, schreibt der gro\u00dfe James Bald\u00adwin in seinem Essay \u201aNo Name in the Street\u2018, das in ihm den Entschluss habe reifen lassen, nach neun Jahren in Paris wieder in die <span class=\"caps\">USA<\/span> zur\u00fcck\u00adzukehren, um vor Ort seine Stimme f\u00fcr das Civ\u00adil Rights Move\u00adment in den Ring zu wer\u00adfen. Ein ikonis\u00adches Foto, das um die Welt ging, und das Bald\u00adwin im Herb\u00adst 1956 auf seinem Weg zu ein\u00ader Tagung an der Sor\u00adbonne auf den Titel\u00adbl\u00e4t\u00adtern der aus\u00adliegen\u00adden Zeitun\u00adgen gese\u00adhen haben will: Die Abbil\u00addung der f\u00fcn\u00adfzehn\u00adj\u00e4hri\u00adgen Dorothy Counts, geh\u00e4nselt und bespuckt von einem Mob wei\u00dfer Sch\u00fcler, wie sie sich stoisch ihren Weg bah\u00adnt, um als erste dunkel\u00adh\u00e4utige Sch\u00fc\u00adlerin an der Har\u00adry Hard\u00ading High School in Char\u00adlotte, North Car\u00adoli\u00adna, unter\u00adrichtet zu wer\u00adden. Ein Meilen\u00adstein der afroamerikanis\u00adchen B\u00fcrg\u00ader\u00adrechts\u00adbe\u00adwe\u00adgung, weil in diesem einen Bild der zu \u00fcber\u00adwindende Hass eben\u00adso einge\u00adfan\u00adgen ist wie die Entschlossen\u00adheit, sich davon nicht mehr aufhal\u00adten zu lassen. Nur, dass Bald\u00adwin dieses Foto nicht im Herb\u00adst 1956 gese\u00adhen haben kann, weil die Deseg\u00adre\u00adga\u00adtion der Hard\u00ading High erst rund zw\u00f6lf Monate sp\u00e4ter stat\u00adtfand, n\u00e4m\u00adlich am 4. Sep\u00adtem\u00adber 1957. Heute vor mehr als sechzig Jahren.&nbsp;<!--more--><\/p>\n<p style=\"text-align: justify;\">In Zeit\u00aden, da Neon\u00adazis mit bre\u00adit\u00ader Brust und aufge\u00adblase\u00adnen Back\u00aden durch die Innen\u00adst\u00e4dte der US-amerikanis\u00adchen S\u00fcd\u00adstaat\u00aden paradieren und dabei auf R\u00fcck\u00adendeck\u00adung aus dem Wei\u00dfen Haus rech\u00adnen d\u00fcr\u00adfen, scheint es ange\u00adbracht, sich noch ein\u00admal manche der geschla\u00adge\u00adnen Schlacht\u00aden der Ver\u00adgan\u00adgen\u00adheit im Kampf gegen den Ras\u00adsis\u00admus vor Augen zu hal\u00adten. Eben weil diese Ver\u00adgan\u00adgen\u00adheit nicht ruht und der soge\u00adnan\u00adnte back\u00adlash der w\u00fcten\u00adden wei\u00dfen W\u00fcrstchen offen\u00adbart, dass nur Augen\u00adwis\u00adch\u00ader sich guten Gewis\u00adsens auf dem Erre\u00adicht\u00aden aus\u00adruhen k\u00f6n\u00adnen. (Ich kann sie nicht mehr sehen, die stramm rechts\u00adgescheit\u00adel\u00adten K\u00f6pfe mit flashigem Under\u00adcut. Das einzige, was jet\u00adzt noch fehlt, ein klitzek\u00adleines Detail und sozusagen das i\u2011T\u00fcpfelchen, w\u00e4re, wenn all diese ganzen Hitler\u00adhip\u00adster anfin\u00adgen, sich auch noch das charak\u00adter\u00adis\u00adtis\u00adche Quadrat\u00adb\u00e4rtchen ste\u00adhen zu lassen. Eigentlich selt\u00adsam, dass das noch nicht wieder Mode&nbsp;ist.)<\/p>\n<p style=\"text-align: justify;\">Drei Jahre bevor das Foto von Dorothy Counts um die Welt ging, hat\u00adte der Supreme Court der Vere\u00adinigten Staat\u00aden die Prax\u00adis der nach Haut\u00adfarbe getren\u00adnten Schulen in ein\u00ader weg\u00adweisenden Entschei\u00addung f\u00fcr unge\u00adset\u00adzlich erk\u00adl\u00e4rt. Gle\u00adich\u00adwohl vertei\u00addigten die S\u00fcd\u00adstaat\u00aden die Seg\u00adre\u00adga\u00adtion mit Z\u00e4h\u00adnen und Klauen. An jen\u00adem Sep\u00adtem\u00adber\u00admor\u00adgen wird Dorothy Counts schon ein paar Stra\u00dfen vor dem Schul\u00adge\u00adb\u00e4ude von ein\u00ader geifer\u00adn\u00adden Meute erwartet. Polizei hat\u00adte die Stra\u00dfe in der Annahme m\u00f6glich\u00ader Demon\u00adstra\u00adtio\u00adnen abges\u00adper\u00adrt, die Beamten blieben aber auf der anderen Stra\u00dfen\u00adseite ste\u00adhen und grif\u00adf\u00aden nicht ein, als das M\u00e4d\u00adchen von ihren zuk\u00fcn\u00adfti\u00adgen Mitsch\u00fclern beschimpft, bespuckt und sog\u00adar mit Gegen\u00adst\u00e4n\u00adden bewor\u00adfen&nbsp;wurde.<\/p>\n<p style=\"text-align: justify;\">Hypo\u00adthetis\u00adche Ein\u00adlas\u00adsun\u00adgen dar\u00fcber, wie man selb\u00adst wohl in entschei\u00adden\u00adden Momenten gehan\u00addelt h\u00e4tte (\u201eAn ihrer Stelle w\u00e4re ich sofort usw\u2026\u201c) sind immer prob\u00adlema\u00adtisch. Aber eins ste\u00adht unabr\u00fcck\u00adbar fest: Niemals, nie im Leben, h\u00e4tte ich den L\u00f6wen\u00admut aufge\u00adbracht, der Dorothy Counts im Sep\u00adtem\u00adber 1957 den Weg durch den P\u00f6bel gebah\u00adnt hat. Vor allem aber h\u00e4tte ich mit f\u00fcn\u00adfzehn nicht die W\u00fcrde und Weisheit gehabt, die sie nur einen Tag sp\u00e4ter einem Reporter antworten lie\u00df, die gr\u00f6len\u00adden und spuck\u00adenden Sch\u00fcler h\u00e4t\u00adten ihr nicht weh getan: \u201e\u201d\u2026they only hurt them\u00adselves. I don\u2019t hate them. I feel sor\u00adry for them. I think they learned a lesson.\u201d<\/p>\n<p><a href=\"https:\/\/www.worldpressphoto.org\/collection\/photo\/1957\/world-press-photo-year\/douglas-martin\"> Link: Dou\u00adglas Mar\u00adtin erhielt f\u00fcr dieses Foto den World Press Pho\u00adto Award. Andere Bilder, die an diesem Tag geschossen wur\u00adden, zeigen die schiere Masse der Emp\u00f6rten, die zu Dutzen\u00adden hin\u00adter Dorothy Counts herliefen.&nbsp;<\/a><\/p>\n<p style=\"text-align: justify;\">Nach vier Tagen an der Hard\u00ading High nah\u00admen ihre Eltern Dorothy Counts wieder von der Schule. Die Polizei eben\u00adso wie die Schulleitung hat\u00adten ihnen diesen Schritt nahe gelegt, man k\u00f6nne nicht f\u00fcr die Sicher\u00adheit des M\u00e4d\u00adchens ein\u00adste\u00adhen. Mitsch\u00fcler hat\u00adten in der Kan\u00adtine in ihr Essen gespuckt, sie hat\u00adten Dro\u00adhun\u00adgen aus\u00adge\u00adsprochen gegen M\u00e4d\u00adchen, die sich fre\u00adundlich mit ihr unter\u00adhal\u00adten hat\u00adten und au\u00dfer\u00addem die Fen\u00adster\u00adscheibe des Autos von Dorothys Brud\u00ader einge\u00adwor\u00adfen. Dorothy Counts zog zu ein\u00ader Ver\u00adwandten nach Philadel\u00adphia, wo sie \u2013 ohne weit\u00adere Prob\u00adleme \u2013 eine inte\u00adgri\u00aderte High School besuchte.<\/p>\n<p style=\"text-align: justify;\">F\u00e4llt es ins Gewicht, dass Bald\u00adwins Geschichte sich nicht mit der Real\u00adit\u00e4t reimt? N\u00f6, will ich meinen. Zum einen hat das Foto eine der\u00adar\u00adtige Aus\u00addruck\u00adskraft, dass sich die Dinge dur\u00adchaus genau so h\u00e4t\u00adten zutra\u00adgen k\u00f6n\u00adnen, wie Bald\u00adwin es Jahre sp\u00e4ter aufgeschrieben hat. Zum anderen aber und vor allem geht es doch um den Impuls, der z\u00e4hlt: Es geschieht gro\u00dfes Unrecht, gegen das es anzuk\u00e4mpfen gilt. Wer da stillschweigend abseits ste\u00adhen\u00adbleibt, macht sich mitschuldig. So ein\u00adfach war das und ist es noch&nbsp;heute.<\/p>\n<p><a href=\"http:\/\/www.wissenskulturen.de\/wp_wissenskulturen\/wp-content\/uploads\/2017\/09\/KKC_1.jpg\"><img loading=\"lazy\" decoding=\"async\" class=\"aligncenter size-large wp-image-524\" src=\"http:\/\/www.wissenskulturen.de\/wp_wissenskulturen\/wp-content\/uploads\/2017\/09\/KKC_1-1024x724.jpg\" alt width=\"625\" height=\"442\" srcset=\"https:\/\/www.wissenskulturen.de\/wp_wissenskulturen\/wp-content\/uploads\/2017\/09\/KKC_1-1024x724.jpg 1024w, https:\/\/www.wissenskulturen.de\/wp_wissenskulturen\/wp-content\/uploads\/2017\/09\/KKC_1-300x212.jpg 300w, https:\/\/www.wissenskulturen.de\/wp_wissenskulturen\/wp-content\/uploads\/2017\/09\/KKC_1-768x543.jpg 768w, https:\/\/www.wissenskulturen.de\/wp_wissenskulturen\/wp-content\/uploads\/2017\/09\/KKC_1-624x441.jpg 624w\" sizes=\"auto, (max-width: 625px) 100vw, 625px\"><\/a><\/p>\n<p style=\"text-align: justify;\">Dorothy Counts ist sp\u00e4ter wieder nach Char\u00adlotte zur\u00fcck\u00adgekehrt. Ein Arbeit\u00adsleben lang hat sie in einem Zen\u00adtrum f\u00fcr Kinder, die aus soge\u00adnan\u00adnten sozial schw\u00e4cheren Fam\u00adi\u00adlien kamen, gear\u00adbeit\u00adet. Zwei oder drei der Jun\u00adgen, die damals Teil des Mobs waren, haben sich nach Jahrzehn\u00adten bei ihr gemeldet und sich entschuldigt. Und sie bewegt sich doch! Wiederum spricht es f\u00fcr Dorothy Counts Gr\u00f6\u00dfe, dass sie die Entschuldigun\u00adgen angenom\u00admen hat. Au\u00dfer\u00addem wurde die Schul\u00adbib\u00adlio\u00adthek der Hard\u00ading High vor kurzem nach ihr benan\u00adnt, ver\u00admut\u00adlich sehr zum Cha\u00adgrin der\u00adjeni\u00adgen, die auch sechzig Jahre sp\u00e4ter nichts dazugel\u00adernt haben und die jet\u00adzt wieder aus ihren L\u00f6ch\u00adern her\u00advorkriechen, um ihren Hass in die Welt zu schreien. Papp\u00adnasen, das.<\/p>\n<p>doim\u00adlinque<\/p>\n","protected":false},"excerpt":{"rendered":"<p>Ein Beitrag von Dominik van Os, Arn\u00adheim, Nieder\u00adlande. So, wie es da ste\u00adht und wie es sei\u00adther immer mal wieder kol\u00adportiert wird, kann es sich schon mal nicht zuge\u00adtra\u00adgen haben. Es sei ein Foto gewe\u00adsen, schreibt der gro\u00dfe James Bald\u00adwin in seinem Essay \u201aNo Name in the Street\u2018, das in ihm den Entschluss habe reifen lassen, nach neun Jahren in Paris wieder in die <span class=\"caps\">USA<\/span> zur\u00fcck\u00adzukehren, um vor Ort seine Stimme f\u00fcr das Civ\u00adil Rights Move\u00adment in den Ring zu wer\u00adfen. Ein ikonis\u00adches Foto, das um die Welt ging, und das Bald\u00adwin im Herb\u00adst 1956 auf seinem Weg zu ein\u00ader Tagung an der Sor\u00adbonne auf den Titel\u00adbl\u00e4t\u00adtern der aus\u00adliegen\u00adden Zeitun\u00adgen gese\u00adhen haben will: Die Abbil\u00addung der f\u00fcn\u00adfzehn\u00adj\u00e4hri\u00adgen Dorothy Counts, geh\u00e4nselt und bespuckt von einem Mob wei\u00dfer Sch\u00fcler, wie sie sich stoisch ihren Weg bah\u00adnt, um als erste dunkel\u00adh\u00e4utige Sch\u00fc\u00adlerin an der Har\u00adry Hard\u00ading High School in Char\u00adlotte, North Car\u00adoli\u00adna, unter\u00adrichtet zu wer\u00adden. Ein Meilen\u00adstein der afroamerikanis\u00adchen B\u00fcrg\u00ader\u00adrechts\u00adbe\u00adwe\u00adgung, weil in diesem einen Bild der zu \u00fcber\u00adwindende Hass eben\u00adso einge\u00adfan\u00adgen ist wie die Entschlossen\u00adheit, sich davon nicht mehr aufhal\u00adten zu lassen. Nur, dass Bald\u00adwin dieses Foto nicht im Herb\u00adst 1956 gese\u00adhen haben kann, weil die Deseg\u00adre\u00adga\u00adtion der Hard\u00ading High erst rund zw\u00f6lf Monate sp\u00e4ter stat\u00adtfand, n\u00e4m\u00adlich am 4. Sep\u00adtem\u00adber 1957. Heute vor mehr als sechzig Jahren.&nbsp;<\/p>\n","protected":false},"author":1,"featured_media":0,"comment_status":"closed","ping_status":"open","sticky":false,"template":"","format":"standard","meta":{"wp_typography_post_enhancements_disabled":false,"_metis_text_type":"","_metis_text_length":0,"_post_count":0,"footnotes":""},"categories":[1],"tags":[61],"class_list":["post-517","post","type-post","status-publish","format-standard","hentry","category-wissenskulturen","tag-rassismus"],"_links":{"self":[{"href":"https:\/\/www.wissenskulturen.de\/wp_wissenskulturen\/index.php\/wp-json\/wp\/v2\/posts\/517","targetHints":{"allow":["GET"]}}],"collection":[{"href":"https:\/\/www.wissenskulturen.de\/wp_wissenskulturen\/index.php\/wp-json\/wp\/v2\/posts"}],"about":[{"href":"https:\/\/www.wissenskulturen.de\/wp_wissenskulturen\/index.php\/wp-json\/wp\/v2\/types\/post"}],"author":[{"embeddable":true,"href":"https:\/\/www.wissenskulturen.de\/wp_wissenskulturen\/index.php\/wp-json\/wp\/v2\/users\/1"}],"replies":[{"embeddable":true,"href":"https:\/\/www.wissenskulturen.de\/wp_wissenskulturen\/index.php\/wp-json\/wp\/v2\/comments?post=517"}],"version-history":[{"count":11,"href":"https:\/\/www.wissenskulturen.de\/wp_wissenskulturen\/index.php\/wp-json\/wp\/v2\/posts\/517\/revisions"}],"predecessor-version":[{"id":535,"href":"https:\/\/www.wissenskulturen.de\/wp_wissenskulturen\/index.php\/wp-json\/wp\/v2\/posts\/517\/revisions\/535"}],"wp:attachment":[{"href":"https:\/\/www.wissenskulturen.de\/wp_wissenskulturen\/index.php\/wp-json\/wp\/v2\/media?parent=517"}],"wp:term":[{"taxonomy":"category","embeddable":true,"href":"https:\/\/www.wissenskulturen.de\/wp_wissenskulturen\/index.php\/wp-json\/wp\/v2\/categories?post=517"},{"taxonomy":"post_tag","embeddable":true,"href":"https:\/\/www.wissenskulturen.de\/wp_wissenskulturen\/index.php\/wp-json\/wp\/v2\/tags?post=517"}],"curies":[{"name":"wp","href":"https:\/\/api.w.org\/{rel}","templated":true}]}}