{"id":2194,"date":"2023-06-05T12:40:16","date_gmt":"2023-06-05T10:40:16","guid":{"rendered":"https:\/\/www.wissenskulturen.de\/wp_wissenskulturen\/?p=2194"},"modified":"2024-02-10T04:45:26","modified_gmt":"2024-02-10T03:45:26","slug":"kohleexport","status":"publish","type":"post","link":"https:\/\/www.wissenskulturen.de\/wp_wissenskulturen\/index.php\/2023\/06\/05\/kohleexport\/","title":{"rendered":"Wie ethisch ist der Import kolumbianischer Kohle?"},"content":{"rendered":"<p><b><span class=\"dquo\">\u00bb<\/span><span class=\"caps\">COLPAZ<\/span> \u2014 Frieden f\u00fcr Kolumbi\u00aden\u00ab<\/b> und <b>\u00bb<span class=\"caps\">WISSENSKULTUREN<\/span> e.V\u00ab<\/b> laden ein zu einem Infor\u00adma\u00adtion\u00adstr\u00ade\u00adf\u00adfen mit ein\u00ader Del\u00ade\u00adga\u00adtion der Yuk\u00adpa \u2014 Indi\u00adge\u00adnen aus Kolumbi\u00aden, die sich im Rah\u00admen der gegen\u00adw\u00e4r\u00adti\u00adgen Vor\u00adbere\u00aditungskon\u00adferenz \u00bb<span class=\"caps\">SB-58<\/span>\u00ab f\u00fcr die \u00bb<span class=\"caps\">COP<\/span> 23\u00ab in Bonn befindet.<\/p>\n<ul>\n<li><b>Datum: Don\u00adner\u00adstag, 8. Juni 2023 um 18.30&nbsp;Uhr<\/b><\/li>\n<li><b>Ort: Inter\u00adna\u00adtionales Frauen\u00adzen\u00adtrum (ifz),Quantiusstra\u00dfe 8, 53115&nbsp;Bonn<\/b><\/li>\n<\/ul>\n<p>Das Volk der Yuk\u00adpa aus dem Nor\u00adden Kolumbi\u00adens und dem West\u00aden Venezue\u00adlas ist von Lan\u00addraub und Umweltver\u00adschmutzung betrof\u00adfen, die vor allem durch die Kohle\u00adtage\u00adbau in der Prov\u00adinz <span class=\"caps\">CESAR<\/span> verur\u00adsacht wer\u00adden. Ihre Lebens\u00adgrund\u00adlage ist bedro\u00adht, seit die Kohlem\u00adi\u00adnen er\u00f6ffnet wur\u00adden. Die Kli\u00admakrise beein\u00adtr\u00e4chtigt auch ihre Ern\u00adten, so dass sie von prim\u00e4ren und sekund\u00e4ren Auswirkun\u00adgen der fos\u00adsilen Brennstoffe betrof\u00adfen sind. Da sie sich gegen die Kohlem\u00adi\u00adnen aussprechen, erhal\u00adten sie au\u00dfer\u00addem st\u00e4ndig Mord\u00addro\u00adhun\u00adgen und Angriffe durch paramil\u00adit\u00e4rische Kr\u00e4fte. Die dreik\u00f6p\u00adfige Del\u00ade\u00adgan\u00adtion ist nach Europa gekom\u00admen, um auf der Jahresver\u00adsamm\u00adlung von <span class=\"caps\">GLENCORE<\/span>, dem Betreiber der Kohlem\u00adi\u00adnen, auf ihre Sit\u00adu\u00ada\u00adtion aufmerk\u00adsam zu machen. Au\u00dfer\u00addem nehmen sie an der \u00bb<span class=\"caps\">SB-58<\/span>\u00ab, der Vor\u00adbere\u00aditungskon\u00adferenz zur <span class=\"caps\">COP<\/span> 2023 in Bonn teil. Ihr Besuch soll auch dazu dienen, eine bre\u00adite \u00d6ffentlichkeit \u00fcber die neg\u00ada\u00adtiv\u00aden \u00f6kol\u00ado\u00adgis\u00adchen und sozialen Fol\u00adgen der Kohle\u00adf\u00f6rderung in dem Gebi\u00adet der Indi\u00adge\u00adnen informieren.&nbsp;<\/p>\n<p> Die Del\u00ade\u00adga\u00adtion set\u00adzt sich zusam\u00admen&nbsp;aus:&nbsp;<\/p>\n<ul>\n<li><b> <span class=\"caps\">ESNEDA<\/span> <span class=\"caps\">SAAVEDRA<\/span>,<\/b> Gou\u00adverneurin des Cabil\u00addos ihres Res\u00adguar\u00addo <span class=\"caps\">SOKORPA<\/span> und Beauf\u00adtragte f\u00fcr Men\u00adschen\u00adrechte und Frieden von der <span class=\"caps\">ONIC<\/span> (Orga\u00adni\u00adzaci\u00f3n Ind\u00ed\u00adge\u00adna de Colom\u00adbia), der Dachor\u00adgan\u00adi\u00adsa\u00adtion aller kolumbian\u00adis\u00adchen indi\u00adge\u00adnen V\u00f6lk\u00ader. Sie gilt als die Stimme des Yup\u00adka-Volkes gegen den Mega-Berg\u00adbau der multi\u00adna\u00adtionalen Konz\u00aderne, was ihr fast das Leben gekostet hat.&nbsp;<\/li>\n<li><b><span class=\"caps\">JUAN<\/span> <span class=\"caps\">PABLO<\/span> <span class=\"caps\">GUTIERREZ<\/span>,<\/b> inter\u00adna\u00adtionaler Delegiert\u00ader der <span class=\"caps\">ONIC<\/span>. Wegen seines Engage\u00adments f\u00fcr sein Volk und die Vertei\u00addi\u00adgung des Ter\u00adri\u00adto\u00adri\u00adums, musste er Kolumbi\u00aden ver\u00adlassen und lebt nun in Europa.&nbsp;<\/li>\n<li><b> <span class=\"caps\">LUIS<\/span> <span class=\"caps\">URIBE<\/span><\/b> ist Repr\u00e4sen\u00adtant im Depar\u00adta\u00admen\u00adto <span class=\"caps\">CESAR<\/span> des \u00bbMovimien\u00adto Alter\u00adna\u00adti\u00advo Indi\u00adge\u00adna y Social\u00ab (<span class=\"caps\">MAIS<\/span>), ein\u00ader auch im Kongress vertrete\u00adnen poli\u00adtis\u00adchen Partei der Indi\u00adge\u00adnen in Kolumbien.&nbsp;<\/li>\n<\/ul>\n<p> Die Ver\u00adanstal\u00adtung wird in spanis\u00adch\u00ader Sprache stattfinden.&nbsp;<\/p>\n<p style=\"margin-top: 25px;\">\n<a href=\"https:\/\/www.wissenskulturen.de\/wp_wissenskulturen\/wp-content\/uploads\/2024\/01\/einladung_yukpa.jpg\"><img loading=\"lazy\" decoding=\"async\" src=\"https:\/\/www.wissenskulturen.de\/wp_wissenskulturen\/wp-content\/uploads\/2024\/01\/einladung_yukpa-997x1024.jpg\" alt width=\"750\" height=\"773\" class=\"aligncenter size-large wp-image-2196\"><\/a><\/p>\n<p style=\"margin-top: 25px;\">\n<\/p>","protected":false},"excerpt":{"rendered":"<p><span class=\"dquo\">\u00bb<\/span><span class=\"caps\">COLPAZ<\/span> \u2014 Frieden f\u00fcr Kolumbi\u00aden\u00ab und \u00bb<span class=\"caps\">WISSENSKULTUREN<\/span> e.V\u00ab laden ein zu einem Infor\u00adma\u00adtion\u00adstr\u00ade\u00adf\u00adfen mit ein\u00ader Del\u00ade\u00adga\u00adtion der Yuk\u00adpa \u2014 Indi\u00adge\u00adnen aus Kolumbi\u00aden, die sich im Rah\u00admen der gegen\u00adw\u00e4r\u00adti\u00adgen Vor\u00adbere\u00aditungskon\u00adferenz \u00bb<span class=\"caps\">SB-58<\/span>\u00ab f\u00fcr die \u00bb<span class=\"caps\">COP<\/span> 23\u00ab in Bonn befind\u00adet. Datum: Don\u00adner\u00adstag, 8. Juni 2023 um 18.30&nbsp;Uhr Ort: Inter\u00adna\u00adtionales Frauen\u00adzen\u00adtrum (ifz),Quantiusstra\u00dfe 8, 53115&nbsp;Bonn Das Volk der Yuk\u00adpa aus dem Nor\u00adden Kolumbi\u00adens und dem West\u00aden Venezue\u00adlas ist von Lan\u00addraub und Umweltver\u00adschmutzung betrof\u00adfen, die vor allem durch die Kohle\u00adtage\u00adbau in der Prov\u00adinz <span class=\"caps\">CESAR<\/span> verur\u00adsacht wer\u00adden. Ihre Lebens\u00adgrund\u00adlage ist bedro\u00adht, seit die Kohlem\u00adi\u00adnen er\u00f6ffnet wur\u00adden. Die Kli\u00admakrise beein\u00adtr\u00e4chtigt auch ihre Ern\u00adten, so dass sie von prim\u00e4ren und sekund\u00e4ren Auswirkun\u00adgen der fos\u00adsilen Brennstoffe betrof\u00adfen sind. Da sie sich gegen die Kohlem\u00adi\u00adnen aussprechen, erhal\u00adten sie au\u00dfer\u00addem st\u00e4ndig Mord\u00addro\u00adhun\u00adgen und Angriffe durch paramil\u00adit\u00e4rische Kr\u00e4fte. Die dreik\u00f6p\u00adfige Del\u00ade\u00adgan\u00adtion ist nach Europa gekom\u00admen, um auf der Jahresver\u00adsamm\u00adlung von <span class=\"caps\">GLENCORE<\/span>, dem Betreiber der Kohlem\u00adi\u00adnen, auf ihre Sit\u00adu\u00ada\u00adtion aufmerk\u00adsam zu machen. Au\u00dfer\u00addem nehmen sie an der \u00bb<span class=\"caps\">SB-58<\/span>\u00ab, der Vor\u00adbere\u00aditungskon\u00adferenz zur <span class=\"caps\">COP<\/span> 2023 in Bonn teil. Ihr Besuch soll auch dazu dienen, eine bre\u00adite \u00d6ffentlichkeit \u00fcber die neg\u00ada\u00adtiv\u00aden \u00f6kol\u00ado\u00adgis\u00adchen und sozialen Fol\u00adgen der Kohle\u00adf\u00f6rderung in dem Gebi\u00adet der Indi\u00adge\u00adnen informieren.&nbsp; Die Del\u00ade\u00adga\u00adtion set\u00adzt sich zusam\u00admen&nbsp;aus:&nbsp; <span class=\"caps\">ESNEDA<\/span> <span class=\"caps\">SAAVEDRA<\/span>, Gou\u00adverneurin des Cabil\u00addos ihres Res\u00adguar\u00addo <span class=\"caps\">SOKORPA<\/span> und Beauf\u00adtragte f\u00fcr Men\u00adschen\u00adrechte und Frieden von der <span class=\"caps\">ONIC<\/span> (Orga\u00adni\u00adzaci\u00f3n Ind\u00ed\u00adge\u00adna de Colom\u00adbia), der Dachor\u00adgan\u00adi\u00adsa\u00adtion aller kolumbian\u00adis\u00adchen indi\u00adge\u00adnen V\u00f6lk\u00ader. Sie gilt als die Stimme des Yup\u00ad\u00adka-Volkes gegen den Mega-Berg\u00adbau der multi\u00adna\u00adtionalen Konz\u00aderne, was ihr fast das Leben gekostet hat.&nbsp; <span class=\"caps\">JUAN<\/span> <span class=\"caps\">PABLO<\/span> <span class=\"caps\">GUTIERREZ<\/span>, inter\u00adna\u00adtionaler Delegiert\u00ader der <span class=\"caps\">ONIC<\/span>. Wegen seines Engage\u00adments f\u00fcr sein Volk und die Vertei\u00addi\u00adgung des Ter\u00adri\u00adto\u00adri\u00adums, musste er Kolumbi\u00aden ver\u00adlassen und lebt nun in Europa.&nbsp; <span class=\"caps\">LUIS<\/span> <span class=\"caps\">URIBE<\/span> ist Repr\u00e4sen\u00adtant im Depar\u00adta\u00admen\u00adto <span class=\"caps\">CESAR<\/span> des \u00bbMovimien\u00adto Alter\u00adna\u00adti\u00advo Indi\u00adge\u00adna y Social\u00ab (<span class=\"caps\">MAIS<\/span>), ein\u00ader auch im Kongress vertrete\u00adnen poli\u00adtis\u00adchen Partei der Indi\u00adge\u00adnen in Kolumbi\u00aden.&nbsp; Die Ver\u00adanstal\u00adtung wird in spanis\u00adch\u00ader Sprache stattfinden.&nbsp;<\/p>\n","protected":false},"author":1,"featured_media":0,"comment_status":"closed","ping_status":"open","sticky":false,"template":"","format":"standard","meta":{"wp_typography_post_enhancements_disabled":false,"_metis_text_type":"standard","_metis_text_length":2199,"_post_count":0,"footnotes":""},"categories":[8,114,75,1],"tags":[],"class_list":["post-2194","post","type-post","status-publish","format-standard","hentry","category-kolumbien","category-menschenrechte","category-sustainable-development","category-wissenskulturen"],"_links":{"self":[{"href":"https:\/\/www.wissenskulturen.de\/wp_wissenskulturen\/index.php\/wp-json\/wp\/v2\/posts\/2194","targetHints":{"allow":["GET"]}}],"collection":[{"href":"https:\/\/www.wissenskulturen.de\/wp_wissenskulturen\/index.php\/wp-json\/wp\/v2\/posts"}],"about":[{"href":"https:\/\/www.wissenskulturen.de\/wp_wissenskulturen\/index.php\/wp-json\/wp\/v2\/types\/post"}],"author":[{"embeddable":true,"href":"https:\/\/www.wissenskulturen.de\/wp_wissenskulturen\/index.php\/wp-json\/wp\/v2\/users\/1"}],"replies":[{"embeddable":true,"href":"https:\/\/www.wissenskulturen.de\/wp_wissenskulturen\/index.php\/wp-json\/wp\/v2\/comments?post=2194"}],"version-history":[{"count":9,"href":"https:\/\/www.wissenskulturen.de\/wp_wissenskulturen\/index.php\/wp-json\/wp\/v2\/posts\/2194\/revisions"}],"predecessor-version":[{"id":2218,"href":"https:\/\/www.wissenskulturen.de\/wp_wissenskulturen\/index.php\/wp-json\/wp\/v2\/posts\/2194\/revisions\/2218"}],"wp:attachment":[{"href":"https:\/\/www.wissenskulturen.de\/wp_wissenskulturen\/index.php\/wp-json\/wp\/v2\/media?parent=2194"}],"wp:term":[{"taxonomy":"category","embeddable":true,"href":"https:\/\/www.wissenskulturen.de\/wp_wissenskulturen\/index.php\/wp-json\/wp\/v2\/categories?post=2194"},{"taxonomy":"post_tag","embeddable":true,"href":"https:\/\/www.wissenskulturen.de\/wp_wissenskulturen\/index.php\/wp-json\/wp\/v2\/tags?post=2194"}],"curies":[{"name":"wp","href":"https:\/\/api.w.org\/{rel}","templated":true}]}}