{"id":1601,"date":"2020-10-29T12:46:10","date_gmt":"2020-10-29T11:46:10","guid":{"rendered":"https:\/\/www.wissenskulturen.de\/wp_wissenskulturen\/?p=1601"},"modified":"2024-02-10T05:06:23","modified_gmt":"2024-02-10T04:06:23","slug":"extraktivistisches-entwicklungsmodell","status":"publish","type":"post","link":"https:\/\/www.wissenskulturen.de\/wp_wissenskulturen\/index.php\/2020\/10\/29\/extraktivistisches-entwicklungsmodell\/","title":{"rendered":"Neue Veranstaltungsreihe: <br> Der kolumbianische Friedensprozess im Kontext eines extraktivistischen Entwicklungsmodells"},"content":{"rendered":"<p>Am 17. Novem\u00adber starten <span class=\"caps\">COLPAZ<\/span> und <span class=\"caps\">WISSENSKULTUREN<\/span> eine vierteilige Ver\u00adanstal\u00adtungsrei\u00adhe, in der wir uns mit der Frage auseinan\u00adder\u00adset\u00adzen wollen, welche M\u00f6glichkeit\u00aden sich mit der von der gegen\u00adw\u00e4r\u00adti\u00adgen Regierung betriebe\u00adnen extrak\u00adtivis\u00adtis\u00adchen Entwick\u00adlungsstrate\u00adgie f\u00fcr die Real\u00adisierung des 2016 vere\u00adin\u00adbarten Frieden\u00adsprozess\u00ades ergeben bzw. welche Gren\u00adzen durch sie geset\u00adzt werden.<\/p>\n<p>Seit Abschluss des Friedensver\u00adtrages Ende 2016 wer\u00adden weit\u00ader\u00adhin Men\u00adschen von ihren L\u00e4n\u00addereien ver\u00adtrieben und Vertreter*innen indi\u00adgen\u00ader und afrokolumbian\u00adis\u00adch\u00ader Gemein\u00adschaften sowie soziale und Umweltaktivist*innen gezielt get\u00f6tet. Die Gewalt gegen Gemein\u00adde\u00advorste\u00adher, soziale und Umweltaktivist*innen hat sich sog\u00adar ver\u00adsch\u00e4rft. Die Gr\u00fcnde der erneuten Gewal\u00adteskala\u00adtion sind sehr vielf\u00e4ltig. Ein\u00ader k\u00f6n\u00adnte in der von der Regierung betriebe\u00adnen Pri\u00ador\u00adisierung eines extrak\u00adtivis\u00adtis\u00adchen Entwick\u00adlungsmod\u00adells liegen.<\/p>\n<p>W\u00e4hrend der Friedensver\u00adhand\u00adlun\u00adgen in Havan\u00adna wurde eine Debat\u00adte zum Entwick\u00adlungsmod\u00adell&nbsp;aus<br>\nnachvol\u00adlziehbaren Gr\u00fcn\u00adden aus\u00adgeklam\u00admert, was von vie\u00adlen zivilge\u00adsellschaftlichen Grup\u00adpen allerd\u00adings kri\u00adtisiert wurde. Wir wollen in unser\u00ader Ver\u00adanstal\u00adtungsrei\u00adhe dieses The\u00adma auf\u00adgreifen und dabei die These vom Extrak\u00adtivis\u00admus als ange\u00adblich zen\u00adtralen Motor f\u00fcr gesellschaftliche Entwick\u00adlung\u00ab (San\u00adtos) in den Mit\u00adtelpunkt stellen. Im Aus\u00adtausch zwis\u00adchen Men\u00adschen in und aus Kolumbi\u00aden sowie Bon\u00adner B\u00fcrger*innen wollen wir dies er\u00f6rtern. Zwei Kern\u00adfra\u00adgen ste\u00adhen dabei im Mittelpunkt:<\/p>\n<ol>\n<li>Inwieweit unter\u00adminiert das derzeit\u00adige Entwick\u00adlungsmod\u00adell die Umset\u00adzung des Friedens\u00adabkom\u00admens und die Erre\u00adichung eines nach\u00adhalti\u00adgen pos\u00adi\u00adtiv\u00aden Friedens?<\/li>\n<li>Welche Poten\u00adtiale und Ressourcen gibt es im Land und in der Bev\u00f6lkerung f\u00fcr alter\u00adna\u00adtive soziale und wirtschaftliche Prozesse, die ein friedlich\u00ades Zusam\u00admen\u00adleben erm\u00f6glichen?<\/li>\n<\/ol>\n<p>Coro\u00adn\u00adabe\u00add\u00adingt wer\u00adden alle vier Ver\u00adanstal\u00adtun\u00adgen als <b>Online-Ver\u00adanstal\u00adtun\u00adgen<\/b> stat\u00adtfind\u00aden. Wir beginnen<\/p>\n<ul>\n<li><b>Dien\u00adstag, den 17. Novem\u00adber 2020 (18:30 \u2014 20:30&nbsp;h)&nbsp;<\/b><\/li>\n<li>Ref\u00ader\u00adentin: <b> Alexan\u00addra Bernal Par\u00addo <\/b>, \u00d6konomin und Poli\u00adtik\u00adwis\u00adsenschaft\u00adlerin aus Bogot\u00e1, Fel\u00adlow am deutsch-kolumbian\u00adis\u00adchen Friedensin\u00adsti\u00adtut <span class=\"caps\">CAPAZ<\/span> und Mit\u00adglied der \u00bbRed Rodeemos el Di\u00e1logo\u00ab.<\/li>\n<li><b><span class=\"dquo\">\u00bb<\/span>Extrak\u00adtivis\u00admus der nat\u00fcr\u00adlichen Ressourcen und Kon\u00adflikt. Das Beispiel&nbsp;Fer\u00adronick\u00adel im Departe\u00adment C\u00f3r\u00addo\u00adba (Kolumbi\u00aden)\u00ab<\/b><\/li>\n<\/ul>\n<p>Alexan\u00addra Bernal Par\u00addo wird \u00fcber die Sit\u00adu\u00ada\u00adtion in der Gemeinde Mon\u00adtel\u00edbano (Depar\u00adta\u00admen\u00adto C\u00f3r\u00addo\u00adba) bericht\u00aden, um zu zeigen, wie trotz des Friedens\u00adabkom\u00admens der bewaffnete Kon\u00adflikt in Kolumbi\u00aden fortbeste\u00adht. Das Auftreten bewaffneter Grup\u00adpen ste\u00adht hier im Zusam\u00admen\u00adhang mit dem lukra\u00adtiv\u00aden Abbau von Nick\u00adel. Gewalt gegen die Zivil\u00adbev\u00f6lkerung ste\u00adht auf der Tage\u00adsor\u00add\u00adnung und anstatt, dass die Lizen\u00adzge\u00adb\u00fchren f\u00fcr die Sch\u00fcr\u00adfrechte an den kolumbian\u00adis\u00adchen Staat abge\u00adf\u00fchrt wer\u00adden, ver\u00adschwinden diese durch tatkr\u00e4ftige Mitwirkung paramil\u00adit\u00e4risch\u00ader Kr\u00e4fte in dubiosen Kan\u00e4len. Das Refer\u00adat st\u00fctzt sich auf die Studie \u201eDif\u00adfer\u00adent Resources, Dif\u00adfer\u00adent Con\u00adflicts\u201c (Bogot\u00e1, Uni\u00adver\u00adsi\u00addad de Los Andes, 2019).<\/p>\n<p>Die Ver\u00adanstal\u00adtung find\u00adet auf Spanisch und Deutsch statt. Die Beitr\u00e4ge wer\u00adden \u00fcber\u00adset\u00adzt. Die weit\u00aderen Ver\u00adanstal\u00adtun\u00adgen find\u00aden im Novem\u00adber, Dezem\u00adber und Jan\u00adu\u00adar statt. \u00dcber die genauen Dat\u00aden wer\u00adden wir Sie informieren.<\/p>\n<p>Um Anmel\u00addung wird gebeten unter: <a href=\"mailto:colpaz@riseup.net\">colpaz@riseup.net<\/a> oder <a href=\"https:\/\/frama.link\/Anmeldung_Registro\"> oeku-buero.de: Anmeldung<!--<a--><\/a><\/p>\n<p><b>Ver\u00adanstal\u00adter:<\/b> \u00bbWis\u00adsenskul\u00adturen e.V.\u00ab und der Arbeit\u00adskreis \u00bb<span class=\"caps\">COLPAZ<\/span> \u2014 Frieden f\u00fcr Kolumbi\u00aden\u00ab, in Zusam\u00adme\u00adnar\u00adbeit mit dem <a href=\"https:\/\/www.oeku-buero.de\/\/web\/index.html\"> \u00bb\u00d6ku\u00admenis\u00adchen B\u00fcro f\u00fcr Frieden und Gerechtigkeit\u00ab <\/a> und mit finanzieller Unter\u00adst\u00fctzung durch die \u00bbBun\u00addesstadt Bonn\u00ab und \u00bbEngage\u00adment Glob\u00adal\u00ab mit Mit\u00adteln des&nbsp;<span class=\"caps\">BMZ<\/span>.<\/p>\n<p style=\"text-align: justify;\"><a href=\"https:\/\/www.wissenskulturen.de\/wp_wissenskulturen\/wp-content\/uploads\/2018\/08\/Logo-COLPAZ-1.jpg\"><img loading=\"lazy\" decoding=\"async\" class=\"alignleft size-large wp-image-682\" src=\"https:\/\/www.wissenskulturen.de\/wp_wissenskulturen\/wp-content\/uploads\/2018\/08\/Logo-COLPAZ-1-1024x416.jpg\" alt width=\"180\" height=\"110\"><\/a><\/p>\n<p style=\"text-align: justify;\"><img decoding=\"async\" style=\"width: 80px; height: 90px; border: non; float: left; margin-right: 20px; margin-bottom: 20px;\" src=\"https:\/\/www.wissenskulturen.de\/wp_wissenskulturen\/wp-content\/uploads\/2018\/08\/BON_Logo_Stadt_rot_schw_4c09-283x300.jpg\" alt=\"Logo der Stadt Bonn\"><\/p>\n<p><a href=\"https:\/\/www.wissenskulturen.de\/wp_wissenskulturen\/wp-content\/uploads\/2020\/10\/Logo-oeko-muenchen.jpg\"><img loading=\"lazy\" decoding=\"async\" class=\"alignleft size-full wp-image-1626\" src=\"https:\/\/www.wissenskulturen.de\/wp_wissenskulturen\/wp-content\/uploads\/2020\/10\/Logo-oeko-muenchen.jpg\" alt width=\"175\" height=\"70\"><\/a><\/p>\n<p><a href=\"https:\/\/www.wissenskulturen.de\/wp_wissenskulturen\/wp-content\/uploads\/2019\/08\/bmz-logo.gif\"><img loading=\"lazy\" decoding=\"async\" class=\"alignleft size-medium wp-image-1302\" src=\"https:\/\/www.wissenskulturen.de\/wp_wissenskulturen\/wp-content\/uploads\/2019\/08\/bmz-logo-300x140.gif\" alt width=\"170\" height=\"80\"><\/a><\/p>\n","protected":false},"excerpt":{"rendered":"<p>Am 17. Novem\u00adber starten <span class=\"caps\">COLPAZ<\/span> und <span class=\"caps\">WISSENSKULTUREN<\/span> eine vierteilige Ver\u00adanstal\u00adtungsrei\u00adhe, in der wir uns mit der Frage auseinan\u00adder\u00adset\u00adzen wollen, welche M\u00f6glichkeit\u00aden sich mit der von der gegen\u00adw\u00e4r\u00adti\u00adgen Regierung betriebe\u00adnen extrak\u00adtivis\u00adtis\u00adchen Entwick\u00adlungsstrate\u00adgie f\u00fcr die Real\u00adisierung des 2016 vere\u00adin\u00adbarten Frieden\u00adsprozess\u00ades ergeben bzw. welche Gren\u00adzen durch sie geset\u00adzt wer\u00adden. Seit Abschluss des Friedensver\u00adtrages Ende 2016 wer\u00adden weit\u00ader\u00adhin Men\u00adschen von ihren L\u00e4n\u00addereien ver\u00adtrieben und Vertreter*innen indi\u00adgen\u00ader und afrokolumbian\u00adis\u00adch\u00ader Gemein\u00adschaften sowie soziale und Umweltaktivist*innen gezielt get\u00f6tet. Die Gewalt gegen Gemein\u00adde\u00advorste\u00adher, soziale und Umweltaktivist*innen hat sich sog\u00adar ver\u00adsch\u00e4rft. Die Gr\u00fcnde der erneuten Gewal\u00adteskala\u00adtion sind sehr vielf\u00e4ltig. Ein\u00ader k\u00f6n\u00adnte in der von der Regierung betriebe\u00adnen Pri\u00ador\u00adisierung eines extrak\u00adtivis\u00adtis\u00adchen Entwick\u00adlungsmod\u00adells liegen. W\u00e4hrend der Friedensver\u00adhand\u00adlun\u00adgen in Havan\u00adna wurde eine Debat\u00adte zum Entwick\u00adlungsmod\u00adell&nbsp;aus nachvol\u00adlziehbaren Gr\u00fcn\u00adden aus\u00adgeklam\u00admert, was von vie\u00adlen zivilge\u00adsellschaftlichen Grup\u00adpen allerd\u00adings kri\u00adtisiert wurde. Wir wollen in unser\u00ader Ver\u00adanstal\u00adtungsrei\u00adhe dieses The\u00adma auf\u00adgreifen und dabei die These vom Extrak\u00adtivis\u00admus als ange\u00adblich zen\u00adtralen Motor f\u00fcr gesellschaftliche Entwick\u00adlung\u00ab (San\u00adtos) in den Mit\u00adtelpunkt stellen. Im Aus\u00adtausch zwis\u00adchen Men\u00adschen in und aus Kolumbi\u00aden sowie Bon\u00adner B\u00fcrger*innen wollen wir dies er\u00f6rtern. Zwei Kern\u00adfra\u00adgen ste\u00adhen dabei im Mit\u00adtelpunkt: Inwieweit unter\u00adminiert das derzeit\u00adige Entwick\u00adlungsmod\u00adell die Umset\u00adzung des Friedens\u00adabkom\u00admens und die Erre\u00adichung eines nach\u00adhalti\u00adgen pos\u00adi\u00adtiv\u00aden Friedens? Welche Poten\u00adtiale und Ressourcen gibt es im Land und in der Bev\u00f6lkerung f\u00fcr alter\u00adna\u00adtive soziale und wirtschaftliche Prozesse, die ein friedlich\u00ades Zusam\u00admen\u00adleben erm\u00f6glichen? Coro\u00adn\u00adabe\u00add\u00adingt wer\u00adden alle vier Ver\u00adanstal\u00adtun\u00adgen als Online-Ver\u00adanstal\u00ad\u00adtun\u00ad\u00adgen stat\u00adtfind\u00aden. Wir begin\u00adnen Dien\u00adstag, den 17. Novem\u00adber 2020 (18:30 \u2014 20:30&nbsp;h)&nbsp; Ref\u00ader\u00adentin: Alexan\u00addra Bernal Par\u00addo , \u00d6konomin und Poli\u00adtik\u00adwis\u00adsenschaft\u00adlerin aus Bogot\u00e1, Fel\u00adlow am deutsch-kolumbian\u00adis\u00adchen Friedensin\u00adsti\u00adtut <span class=\"caps\">CAPAZ<\/span> und Mit\u00adglied der \u00bbRed Rodeemos el Di\u00e1l\u00ado\u00adgo\u00ab. \u00bbExtrak\u00adtivis\u00admus der nat\u00fcr\u00adlichen Ressourcen und Kon\u00adflikt. Das Beispiel&nbsp;Fer\u00adronick\u00adel im Departe\u00adment C\u00f3r\u00addo\u00adba (Kolumbi\u00aden)\u00ab Alexan\u00addra Bernal Par\u00addo wird \u00fcber die Sit\u00adu\u00ada\u00adtion in der Gemeinde Mon\u00adtel\u00edbano (Depar\u00adta\u00admen\u00adto C\u00f3r\u00addo\u00adba) bericht\u00aden, um zu zeigen, wie trotz des Friedens\u00adabkom\u00admens der bewaffnete Kon\u00adflikt in Kolumbi\u00aden fortbeste\u00adht. Das Auftreten bewaffneter Grup\u00adpen ste\u00adht hier im Zusam\u00admen\u00adhang mit dem lukra\u00adtiv\u00aden Abbau von Nick\u00adel. Gewalt gegen die Zivil\u00adbev\u00f6lkerung ste\u00adht auf der Tage\u00adsor\u00add\u00adnung und anstatt, dass die Lizen\u00adzge\u00adb\u00fchren f\u00fcr die Sch\u00fcr\u00adfrechte an den kolumbian\u00adis\u00adchen Staat abge\u00adf\u00fchrt wer\u00adden, ver\u00adschwinden diese durch tatkr\u00e4ftige Mitwirkung paramil\u00adit\u00e4risch\u00ader Kr\u00e4fte in dubiosen Kan\u00e4len. Das Refer\u00adat st\u00fctzt sich auf die Studie \u201eDif\u00adfer\u00adent Resources, Dif\u00adfer\u00adent Con\u00adflicts\u201c (Bogot\u00e1, Uni\u00adver\u00adsi\u00addad de Los Andes, 2019). Die Ver\u00adanstal\u00adtung find\u00adet auf Spanisch und Deutsch statt. Die Beitr\u00e4ge wer\u00adden \u00fcber\u00adset\u00adzt. Die weit\u00aderen Ver\u00adanstal\u00adtun\u00adgen find\u00aden im Novem\u00adber, Dezem\u00adber und Jan\u00adu\u00adar statt. \u00dcber die genauen Dat\u00aden wer\u00adden wir Sie informieren. Um Anmel\u00addung wird gebeten unter: colpaz@riseup.net oder oeku-buero.de: Anmel\u00addung Ver\u00adanstal\u00adter: \u00bbWis\u00adsenskul\u00adturen e.V.\u00ab und der Arbeit\u00adskreis \u00bb<span class=\"caps\">COLPAZ<\/span> \u2014 Frieden f\u00fcr Kolumbi\u00aden\u00ab, in Zusam\u00adme\u00adnar\u00adbeit mit dem \u00bb\u00d6ku\u00admenis\u00adchen B\u00fcro f\u00fcr Frieden und Gerechtigkeit\u00ab und mit finanzieller Unter\u00adst\u00fctzung durch die \u00bbBun\u00addesstadt Bonn\u00ab und \u00bbEngage\u00adment Glob\u00adal\u00ab mit Mit\u00adteln des&nbsp;<span class=\"caps\">BMZ<\/span>.<\/p>\n","protected":false},"author":1,"featured_media":0,"comment_status":"closed","ping_status":"open","sticky":false,"template":"","format":"standard","meta":{"wp_typography_post_enhancements_disabled":false,"_metis_text_type":"standard","_metis_text_length":3499,"_post_count":0,"footnotes":""},"categories":[97,8,75],"tags":[100,99,19,15,94],"class_list":["post-1601","post","type-post","status-publish","format-standard","hentry","category-erinnerungskultur","category-kolumbien","category-sustainable-development","tag-entwicklungsmodelle","tag-extraktivimsus","tag-friedensprozess","tag-kolumbien","tag-paramilitarismus"],"_links":{"self":[{"href":"https:\/\/www.wissenskulturen.de\/wp_wissenskulturen\/index.php\/wp-json\/wp\/v2\/posts\/1601","targetHints":{"allow":["GET"]}}],"collection":[{"href":"https:\/\/www.wissenskulturen.de\/wp_wissenskulturen\/index.php\/wp-json\/wp\/v2\/posts"}],"about":[{"href":"https:\/\/www.wissenskulturen.de\/wp_wissenskulturen\/index.php\/wp-json\/wp\/v2\/types\/post"}],"author":[{"embeddable":true,"href":"https:\/\/www.wissenskulturen.de\/wp_wissenskulturen\/index.php\/wp-json\/wp\/v2\/users\/1"}],"replies":[{"embeddable":true,"href":"https:\/\/www.wissenskulturen.de\/wp_wissenskulturen\/index.php\/wp-json\/wp\/v2\/comments?post=1601"}],"version-history":[{"count":32,"href":"https:\/\/www.wissenskulturen.de\/wp_wissenskulturen\/index.php\/wp-json\/wp\/v2\/posts\/1601\/revisions"}],"predecessor-version":[{"id":2190,"href":"https:\/\/www.wissenskulturen.de\/wp_wissenskulturen\/index.php\/wp-json\/wp\/v2\/posts\/1601\/revisions\/2190"}],"wp:attachment":[{"href":"https:\/\/www.wissenskulturen.de\/wp_wissenskulturen\/index.php\/wp-json\/wp\/v2\/media?parent=1601"}],"wp:term":[{"taxonomy":"category","embeddable":true,"href":"https:\/\/www.wissenskulturen.de\/wp_wissenskulturen\/index.php\/wp-json\/wp\/v2\/categories?post=1601"},{"taxonomy":"post_tag","embeddable":true,"href":"https:\/\/www.wissenskulturen.de\/wp_wissenskulturen\/index.php\/wp-json\/wp\/v2\/tags?post=1601"}],"curies":[{"name":"wp","href":"https:\/\/api.w.org\/{rel}","templated":true}]}}