{"id":1329,"date":"2019-08-30T21:10:17","date_gmt":"2019-08-30T19:10:17","guid":{"rendered":"https:\/\/www.wissenskulturen.de\/wp_wissenskulturen\/?p=1329"},"modified":"2019-09-08T13:12:16","modified_gmt":"2019-09-08T11:12:16","slug":"friedensprozess-ist-nicht-tot","status":"publish","type":"post","link":"https:\/\/www.wissenskulturen.de\/wp_wissenskulturen\/index.php\/2019\/08\/30\/friedensprozess-ist-nicht-tot\/","title":{"rendered":"Kolumbien: Der Friedensprozess ist nicht&nbsp;tot!"},"content":{"rendered":"<p>Einige Medi\u00aden in Deutsch\u00adland \u2014 aber auch in Kolumbi\u00aden \u2014 ver\u00admit\u00adteln den Ein\u00addruck, dass die <span class=\"caps\">FARC<\/span> den bewaffneten Kampf wieder aufgenom\u00admen hat und das Friedens\u00adabkom\u00admen damit prak\u00adtisch tot sei. (so z.B. <a href=\"https:\/\/www.neues-deutschland.de\/artikel\/1125076.kolumbien-farc-fluegel-greift-zu-den-waffen.html\"> <span class=\"caps\">ND<\/span> vom 29.8.2019<\/a> oder <a href=\"https:\/\/amerika21.de\/2019\/08\/230836\/kolumbien-farc-guerilla-krieg-frieden\"> Amer\u00adi\u00adca-21 vom 30.8.2019<\/a>.  Diesem Ein\u00addruck muss ganz klar wider\u00adsprochen wer\u00adden. Es ist eine kleine Gruppe von Dis\u00adsi\u00adden\u00adten, die den bewaffneten Kampf wieder aufgenom\u00admen hat, aber die <span class=\"caps\">FARC<\/span> als poli\u00adtis\u00adche Partei und mit ihr die \u00fcber\u00adwiegen\u00adden Mehrheit aller Ex-Guerilleros ste\u00adhen zum Friedensprozess.<\/p>\n<p>Allerd\u00adings, und das ist das Trau\u00adrige, sind unter den Dis\u00adsi\u00adden\u00adten drei hochrangige ehe\u00adma\u00adlige Kom\u00adman\u00addan\u00adten der <span class=\"caps\">FARC-EP<\/span>. Unter ihnen sog\u00adar der Ver\u00adhand\u00adlungs\u00adf\u00fchrer bei den Friedens\u00adge\u00adspr\u00e4chen von Havan\u00adna Iv\u00e1n M\u00e1rquez. Das macht die Sache au\u00dferor\u00addentlich kom\u00adpliziert. Und nat\u00fcr\u00adlich \u2014 kurz vor den Wahlen zu den Region\u00adal\u00adpar\u00adla\u00admenten im Okto\u00adber \u2014 macht diese Nachricht allewelt v\u00f6l\u00adlig kon\u00adfus. Ich w\u00fcrde mich nicht wun\u00addern, wenn das Wass\u00ader auf die M\u00fchlen der Gegen\u00ader des Friedens\u00adabkom\u00admens ist. Und tat\u00adsa\u00e4ch\u00adlich hat Alvaro Uribe sich auch schon zu Wort gemeldet und die kom\u00adplette Annulierung des Friedens\u00adabkom\u00admens gefordert. Pr\u00e4si\u00addent Duque sprach in ein\u00ader Fernse\u00adhbotschaft von ein\u00ader \u201ceine Bande von Dro\u00adgen\u00adh\u00e4ndlern und Ter\u00adror\u00adis\u00adten, die den Schutz und die Unter\u00adst\u00fctzung der Dik\u00adtatur von (dem vene\u00adzolanis\u00adchen Pr\u00e4si\u00adden\u00adten) Nicol\u00e1s Maduro genie\u00dft\u201d. Der Vertei\u00addi\u00adgungsmin\u00adis\u00adter Venezue\u00adlas sah darin einen Vor\u00adwand, einen m\u00f6glichen Krieg gegen Venezuela zu legitimieren.<\/p>\n<p>Die Wieder\u00adbe\u00adwaffnung eines Teils der Farc-EP wird in der \u00f6ffentlichen Diskus\u00adsion in Kolumbi\u00aden von recht\u00aden Kreisen hochge\u00adspielt, um gle\u00adichzeit\u00adig die unheil\u00advolle Wirkung der rechts\u00adgerichteten Paramil\u00adit\u00e4rs herun\u00adterzus\u00adpie\u00adlen. In Wirk\u00adlichkeit hal\u00adten 90 Prozent der Ex-Guerilleros weit\u00ader\u00adhin am Frieden\u00adsprozess fest, wie nicht nur die poli\u00adtis\u00adche Partei <span class=\"caps\">FARC<\/span> (\u00bbFuerza Alter\u00adna\u00adti\u00adva Rev\u00adolu\u00adcionar\u00adia del Com\u00fan\u00ab) son\u00addern auch kolumbian\u00adis\u00adche Regierungsvertreter hervorheben.<\/p>\n<p>Men\u00adschen\u00adrecht\u00adsor\u00adgan\u00adi\u00adsa\u00adtio\u00adnen macht\u00aden indes die Regierung Duque und vor allem das rechgerichtete \u00bbCen\u00adtro Demo\u00adc\u00adra\u00adti\u00adco\u00ab von Ex-Pr\u00e4si\u00addent Alvaro Uribe f\u00fcr die Wieder\u00adbe\u00adwaffnung der FARC-Dis\u00adsi\u00adden\u00adten ver\u00adant\u00adwortlich. Sie h\u00e4t\u00adten durch Verz\u00f6gerung und Nichter\u00adf\u00fcl\u00adlung der Vere\u00adin\u00adbarun\u00adgen von Havan\u00adna eine gro\u00dfe Ver\u00adant\u00adwor\u00adtung f\u00fcr die jet\u00adzige Sit\u00adu\u00ada\u00adtion zu tragen.<\/p>\n<p>In ein\u00ader Pressekon\u00adferenz der poli\u00adtis\u00adchen Partei <span class=\"caps\">FARC<\/span> (\u00bbFuerza Alter\u00adna\u00adti\u00adva Rev\u00adolu\u00adcionar\u00adia del Com\u00fan\u00ab) wurde die Entschei\u00addung von Iv\u00e1n M\u00e1rquez und anderen Ex-Kom\u00adman\u00addan\u00adten scharf kri\u00adtisiert. Es wurde bekr\u00e4ftigte, die Vere\u00adin\u00adbarun\u00adgen von Havan\u00adna nach wie vor einzuhal\u00adten und mit Nach\u00addruck und Entschlossen\u00adheit f\u00fcr die Umset\u00adzung des Frieden\u00adsprozess\u00ades einzutreten. Gle\u00adichzeit\u00adig wurde die Regierung aufge\u00adfordert, ihre Block\u00adade\u00adhal\u00adtung aufzugeben und endlich den poli\u00adtis\u00adchen Willen f\u00fcr eine z\u00fcgige Umset\u00adzung der Vere\u00adin\u00adbarun\u00adgen von Havan\u00adna zu beweisen. Gegen M\u00e1rquez, Santrich u.a. wird ein Parteiauss\u00adchlussver\u00adfahren beantragt.&nbsp;<\/p>\n<p>In der kolumbian\u00adis\u00adchen \u00d6ffentlichkeit hat der Schritt der Exkom\u00adman\u00addan\u00adten enorme Irri\u00adta\u00adtio\u00adnen aber auch eine neue Diskus\u00adsion\u00adswelle \u00fcber den Frieden\u00adsprozess aus\u00adgel\u00f6st. Die Argu\u00admente reichen von \u00bbdas war doch zu erwarten\u00ab bis zu dem Vor\u00adwurf an den Uribis\u00admo, einen Teil der <span class=\"caps\">FARC<\/span> sys\u00adtem\u00ada\u00adtisch und vors\u00e4t\u00adzlich in den Krieg gedr\u00e4ngt zu&nbsp;haben.<\/p>\n<p><b>Quellen:<\/b><\/p>\n<ul>\n<li>Der voll\u00adst\u00e4ndi\u00adge Text des von Iv\u00e1n M\u00e1rquez ver\u00adlese\u00adnen <a href=\"http:\/\/www.resumenlatinoamericano.org\/2019\/08\/31\/colombia-una-nueva-etapa-de-lucha-para-el-despertar-de-las-conciencias-texto-integro-del-manifiesto-de-las-nuevas-farc-ep\/\"> \u00bbMan\u00adi\u00adfesto de las nuevas <span class=\"caps\">FARC-EP<\/span>\u00ab <\/a>.\n<\/li>\n<li>\nEine deutsche \u00dcber\u00adset\u00adzung gibt es auf der Web\u00adsite des Nachricht\u00aden\u00adpor\u00adtals  <a href=\"https:\/\/amerika21.de\/dokument\/231112\/kolumbien-manifest-farc-ep\"> \u00bbAmerica21\u00ab <\/a>.\n<\/li>\n<li>\nDie Erk\u00adl\u00e4rung der poli\u00adtis\u00adchen Partei <a href=\"http:\/\/partidofarc.com.co\/es\/actualidad\/declaraci%C3%B3n-p%C3%BAblica-543\"> \u00bbFuerza Alter\u00adna\u00adti\u00adva Rev\u00adolu\u00adcionar\u00adia del Com\u00fan\u00ab (<span class=\"caps\">FARC<\/span>).<\/a>\n<\/li>\n<\/ul>\n","protected":false},"excerpt":{"rendered":"<p>Einige Medi\u00aden in Deutsch\u00adland \u2014 aber auch in Kolumbi\u00aden \u2014 ver\u00admit\u00adteln den Ein\u00addruck, dass die <span class=\"caps\">FARC<\/span> den bewaffneten Kampf wieder aufgenom\u00admen hat und das Friedens\u00adabkom\u00admen damit prak\u00adtisch tot sei. (so z.B. <span class=\"caps\">ND<\/span> vom 29.8.2019 oder Amer\u00adi\u00ad\u00adca-21 vom 30.8.2019. Diesem Ein\u00addruck muss ganz klar wider\u00adsprochen wer\u00adden. Es ist eine kleine Gruppe von Dis\u00adsi\u00adden\u00adten, die den bewaffneten Kampf wieder aufgenom\u00admen hat, aber die <span class=\"caps\">FARC<\/span> als poli\u00adtis\u00adche Partei und mit ihr die \u00fcber\u00adwiegen\u00adden Mehrheit aller Ex-Guerilleros ste\u00adhen zum Frieden\u00adsprozess. Allerd\u00adings, und das ist das Trau\u00adrige, sind unter den Dis\u00adsi\u00adden\u00adten drei hochrangige ehe\u00adma\u00adlige Kom\u00adman\u00addan\u00adten der <span class=\"caps\">FARC-EP<\/span>. Unter ihnen sog\u00adar der Ver\u00adhand\u00adlungs\u00adf\u00fchrer bei den Friedens\u00adge\u00adspr\u00e4chen von Havan\u00adna Iv\u00e1n M\u00e1rquez. Das macht die Sache au\u00dferor\u00addentlich kom\u00adpliziert. Und nat\u00fcr\u00adlich \u2014 kurz vor den Wahlen zu den Region\u00adal\u00adpar\u00adla\u00admenten im Okto\u00adber \u2014 macht diese Nachricht allewelt v\u00f6l\u00adlig kon\u00adfus. Ich w\u00fcrde mich nicht wun\u00addern, wenn das Wass\u00ader auf die M\u00fchlen der Gegen\u00ader des Friedens\u00adabkom\u00admens ist. Und tat\u00adsa\u00e4ch\u00adlich hat Alvaro Uribe sich auch schon zu Wort gemeldet und die kom\u00adplette Annulierung des Friedens\u00adabkom\u00admens gefordert. Pr\u00e4si\u00addent Duque sprach in ein\u00ader Fernse\u00adhbotschaft von ein\u00ader \u201ceine Bande von Dro\u00adgen\u00adh\u00e4ndlern und Ter\u00adror\u00adis\u00adten, die den Schutz und die Unter\u00adst\u00fctzung der Dik\u00adtatur von (dem vene\u00adzolanis\u00adchen Pr\u00e4si\u00adden\u00adten) Nicol\u00e1s Maduro genie\u00dft\u201d. Der Vertei\u00addi\u00adgungsmin\u00adis\u00adter Venezue\u00adlas sah darin einen Vor\u00adwand, einen m\u00f6glichen Krieg gegen Venezuela zu legit\u00adimieren. Die Wieder\u00adbe\u00adwaffnung eines Teils der Farc-EP wird in der \u00f6ffentlichen Diskus\u00adsion in Kolumbi\u00aden von recht\u00aden Kreisen hochge\u00adspielt, um gle\u00adichzeit\u00adig die unheil\u00advolle Wirkung der rechts\u00adgerichteten Paramil\u00adit\u00e4rs herun\u00adterzus\u00adpie\u00adlen. In Wirk\u00adlichkeit hal\u00adten 90 Prozent der Ex-Guerilleros weit\u00ader\u00adhin am Frieden\u00adsprozess fest, wie nicht nur die poli\u00adtis\u00adche Partei <span class=\"caps\">FARC<\/span> (\u00bbFuerza Alter\u00adna\u00adti\u00adva Rev\u00adolu\u00adcionar\u00adia del Com\u00fan\u00ab) son\u00addern auch kolumbian\u00adis\u00adche Regierungsvertreter her\u00advorheben. Men\u00adschen\u00adrecht\u00adsor\u00adgan\u00adi\u00adsa\u00adtio\u00adnen macht\u00aden indes die Regierung Duque und vor allem das rechgerichtete \u00bbCen\u00adtro Demo\u00adc\u00adra\u00adti\u00adco\u00ab von Ex-Pr\u00e4si\u00ad\u00addent Alvaro Uribe f\u00fcr die Wieder\u00adbe\u00adwaffnung der FARC-Dis\u00ad\u00adsi\u00ad\u00adden\u00adten ver\u00adant\u00adwortlich. Sie h\u00e4t\u00adten durch Verz\u00f6gerung und Nichter\u00adf\u00fcl\u00adlung der Vere\u00adin\u00adbarun\u00adgen von Havan\u00adna eine gro\u00dfe Ver\u00adant\u00adwor\u00adtung f\u00fcr die jet\u00adzige Sit\u00adu\u00ada\u00adtion zu tra\u00adgen. In ein\u00ader Pressekon\u00adferenz der poli\u00adtis\u00adchen Partei <span class=\"caps\">FARC<\/span> (\u00bbFuerza Alter\u00adna\u00adti\u00adva Rev\u00adolu\u00adcionar\u00adia del Com\u00fan\u00ab) wurde die Entschei\u00addung von Iv\u00e1n M\u00e1rquez und anderen Ex-Kom\u00ad\u00adman\u00ad\u00addan\u00adten scharf kri\u00adtisiert. Es wurde bekr\u00e4ftigte, die Vere\u00adin\u00adbarun\u00adgen von Havan\u00adna nach wie vor einzuhal\u00adten und mit Nach\u00addruck und Entschlossen\u00adheit f\u00fcr die Umset\u00adzung des Frieden\u00adsprozess\u00ades einzutreten. Gle\u00adichzeit\u00adig wurde die Regierung aufge\u00adfordert, ihre Block\u00adade\u00adhal\u00adtung aufzugeben und endlich den poli\u00adtis\u00adchen Willen f\u00fcr eine z\u00fcgige Umset\u00adzung der Vere\u00adin\u00adbarun\u00adgen von Havan\u00adna zu beweisen. Gegen M\u00e1rquez, Santrich u.a. wird ein Parteiauss\u00adchlussver\u00adfahren beantragt.&nbsp; In der kolumbian\u00adis\u00adchen \u00d6ffentlichkeit hat der Schritt der Exkom\u00adman\u00addan\u00adten enorme Irri\u00adta\u00adtio\u00adnen aber auch eine neue Diskus\u00adsion\u00adswelle \u00fcber den Frieden\u00adsprozess aus\u00adgel\u00f6st. Die Argu\u00admente reichen von \u00bbdas war doch zu erwarten\u00ab bis zu dem Vor\u00adwurf an den Uribis\u00admo, einen Teil der <span class=\"caps\">FARC<\/span> sys\u00adtem\u00ada\u00adtisch und vors\u00e4t\u00adzlich in den Krieg gedr\u00e4ngt zu&nbsp;haben. Quellen: Der voll\u00adst\u00e4ndi\u00adge Text des von Iv\u00e1n M\u00e1rquez ver\u00adlese\u00adnen \u00bbMan\u00adi\u00adfesto de las nuevas <span class=\"caps\">FARC-EP<\/span>\u00ab . Eine deutsche \u00dcber\u00adset\u00adzung gibt es auf der Web\u00adsite des Nachricht\u00aden\u00adpor\u00adtals \u00bbAmerica21\u00ab . Die Erk\u00adl\u00e4rung der poli\u00adtis\u00adchen Partei \u00bbFuerza Alter\u00adna\u00adti\u00adva Rev\u00adolu\u00adcionar\u00adia del Com\u00fan\u00ab (<span class=\"caps\">FARC<\/span>).<\/p>\n","protected":false},"author":1,"featured_media":0,"comment_status":"closed","ping_status":"open","sticky":false,"template":"","format":"standard","meta":{"wp_typography_post_enhancements_disabled":false,"_metis_text_type":"","_metis_text_length":0,"_post_count":0,"footnotes":""},"categories":[8],"tags":[72,60,74,15],"class_list":["post-1329","post","type-post","status-publish","format-standard","hentry","category-kolumbien","tag-farc","tag-friedensprozess-kolumbien","tag-guerilla","tag-kolumbien"],"_links":{"self":[{"href":"https:\/\/www.wissenskulturen.de\/wp_wissenskulturen\/index.php\/wp-json\/wp\/v2\/posts\/1329","targetHints":{"allow":["GET"]}}],"collection":[{"href":"https:\/\/www.wissenskulturen.de\/wp_wissenskulturen\/index.php\/wp-json\/wp\/v2\/posts"}],"about":[{"href":"https:\/\/www.wissenskulturen.de\/wp_wissenskulturen\/index.php\/wp-json\/wp\/v2\/types\/post"}],"author":[{"embeddable":true,"href":"https:\/\/www.wissenskulturen.de\/wp_wissenskulturen\/index.php\/wp-json\/wp\/v2\/users\/1"}],"replies":[{"embeddable":true,"href":"https:\/\/www.wissenskulturen.de\/wp_wissenskulturen\/index.php\/wp-json\/wp\/v2\/comments?post=1329"}],"version-history":[{"count":15,"href":"https:\/\/www.wissenskulturen.de\/wp_wissenskulturen\/index.php\/wp-json\/wp\/v2\/posts\/1329\/revisions"}],"predecessor-version":[{"id":1344,"href":"https:\/\/www.wissenskulturen.de\/wp_wissenskulturen\/index.php\/wp-json\/wp\/v2\/posts\/1329\/revisions\/1344"}],"wp:attachment":[{"href":"https:\/\/www.wissenskulturen.de\/wp_wissenskulturen\/index.php\/wp-json\/wp\/v2\/media?parent=1329"}],"wp:term":[{"taxonomy":"category","embeddable":true,"href":"https:\/\/www.wissenskulturen.de\/wp_wissenskulturen\/index.php\/wp-json\/wp\/v2\/categories?post=1329"},{"taxonomy":"post_tag","embeddable":true,"href":"https:\/\/www.wissenskulturen.de\/wp_wissenskulturen\/index.php\/wp-json\/wp\/v2\/tags?post=1329"}],"curies":[{"name":"wp","href":"https:\/\/api.w.org\/{rel}","templated":true}]}}